[{"@context":"https:\/\/schema.org\/","@type":"Article","@id":"https:\/\/www.zuzaart.cz\/preprava-osobnim-vozem\/#Article","mainEntityOfPage":"https:\/\/www.zuzaart.cz\/preprava-osobnim-vozem\/","headline":"P\u0159eprava osobn\u00edm vozem","name":"P\u0159eprava osobn\u00edm vozem","description":"Pohodl\u00ed Jestli\u017ee se chcete p\u0159epravit n\u011bjak\u00e9m na del\u0161\u00ed vzd\u00e1lenost, tak v\u011bt\u0161inou m\u00e1te v\u00edce mo\u017enost\u00ed. Prvn\u00ed b\u00fdv\u00e1 autobus. Jeho v\u00fdhoda je v tom, \u017ee nen\u00ed nijak drah\u00fd a tak\u00e9 to, \u017ee do n\u011bj nasedneme a nemus\u00edme se o nic starat. Na ka\u017edodenn\u00ed doj\u00ed\u017ed\u011bn\u00ed do pr\u00e1ce \u010di \u0161koly to m\u016f\u017ee b\u00fdt chodem volba. Pot\u00ed\u017e nast\u00e1v\u00e1 v p\u0159\u00edpad\u011b, &hellip;<p class=\"read-more\"> <a class=\"zta-button\" href=\"https:\/\/www.zuzaart.cz\/preprava-osobnim-vozem\/\"> <span class=\"screen-reader-text\">P\u0159eprava osobn\u00edm vozem<\/span>P\u0159e\u010d\u00edst<\/a><\/p>","datePublished":"2022-04-10","dateModified":"2023-06-05","author":{"@type":"Person","@id":"https:\/\/www.zuzaart.cz\/author\/#Person","name":"","url":"https:\/\/www.zuzaart.cz\/author\/","identifier":1,"image":{"@type":"ImageObject","@id":"https:\/\/secure.gravatar.com\/avatar\/e17b3792c8c74fa5cd7a01b6291eb930?s=96&d=mm&r=g","url":"https:\/\/secure.gravatar.com\/avatar\/e17b3792c8c74fa5cd7a01b6291eb930?s=96&d=mm&r=g","height":96,"width":96}},"publisher":{"@type":"Organization","name":"zuzaart.cz","logo":{"@type":"ImageObject","@id":"\/logo.png","url":"\/logo.png","width":600,"height":60}},"image":{"@type":"ImageObject","@id":"https:\/\/www.zuzaart.cz\/wp-content\/uploads\/car-1492333_960_720.jpg","url":"https:\/\/www.zuzaart.cz\/wp-content\/uploads\/car-1492333_960_720.jpg","height":0,"width":0},"url":"https:\/\/www.zuzaart.cz\/preprava-osobnim-vozem\/","about":["Firmy"],"wordCount":455,"articleBody":"      Pohodl\u00edJestli\u017ee se chcete p\u0159epravit n\u011bjak\u00e9m na del\u0161\u00ed vzd\u00e1lenost, tak v\u011bt\u0161inou m\u00e1te v\u00edce mo\u017enost\u00ed. Prvn\u00ed b\u00fdv\u00e1 autobus. Jeho v\u00fdhoda je v tom, \u017ee nen\u00ed nijak drah\u00fd a tak\u00e9 to, \u017ee do n\u011bj nasedneme a nemus\u00edme se o nic starat. Na ka\u017edodenn\u00ed doj\u00ed\u017ed\u011bn\u00ed do pr\u00e1ce \u010di \u0161koly to m\u016f\u017ee b\u00fdt chodem volba. Pot\u00ed\u017e nast\u00e1v\u00e1 v p\u0159\u00edpad\u011b, kdy\u017e na n\u011bj mus\u00edme dlouhou dobu \u010dekat. Dal\u0161\u00ed variantou je vlak, akor\u00e1t ne v\u0161ude vedou koleje nebo je zast\u00e1vka. Oproti autobusu jezd\u00ed je\u0161t\u011b na del\u0161\u00ed vzd\u00e1lenosti a po kolej\u00edch, tak\u017ee nemus\u00ed \u0159e\u0161it b\u011b\u017en\u00e9 probl\u00e9my silni\u010dn\u00edho provozu. Studenti maj\u00ed st\u00e1le jist\u00e9 slevy, tak\u017ee se nen\u00ed \u010demu divit, \u017ee je hodn\u011b vyu\u017e\u00edvaj\u00ed. M\u016f\u017eeme se spolehnout i sami na sebe a jezdit t\u0159eba na kole. To v\u0161ak nen\u00ed na del\u0161\u00ed vzd\u00e1lenosti, kdy\u017e chceme jezdit ka\u017ed\u00fd den do pr\u00e1ce de\u0161t\u00edky kilometr\u016f. Nav\u00edc jsme tu dost z\u00e1visl\u00fd na po\u010das\u00ed, proto\u017ee jet v de\u0161ti nen\u00ed nic p\u0159\u00edjemn\u00e9ho. U kr\u00e1tk\u00fdch vzd\u00e1lenost\u00ed se d\u00e1 chodit p\u011b\u0161ky, kdy prosp\u011bjeme sv\u00e9mu zdrav\u00ed a nemus\u00edme platit za dopravu, akor\u00e1t ne ka\u017ed\u00fd bydl\u00ed bl\u00edzko.AutomobilTento druh p\u0159epravy je pohodln\u00fd, proto\u017ee nasedneme t\u0159eba hned u domu a mu\u017e Re jet kam chceme bez \u010dek\u00e1n\u00ed, a je\u0161t\u011b si pohodln\u011b do kufru m\u016f\u017eeme d\u00e1t hodn\u011b v\u011bc\u00ed. Nen\u00ed tedy pochyb o tom, \u017ee auta jsou obl\u00edben\u00e1. Po\u010d\u00edtejte v\u0161ak s n\u00e1klady, proto\u017ee po\u0159\u00edzen\u00ed a tak\u00e9 provoz n\u011bco stoj\u00ed. Kdy\u017e v\u0161ak chceme n\u011bkam autem vyrazit, ale sv\u00e9 vlastn\u00ed nem\u00e1me \u010di je pr\u00e1v\u011b porouchan\u00e9, tak m\u016f\u017eeme zaj\u00edt do p\u016fj\u010dovny. Zde n\u00e1m auto za jistou sumu r\u00e1di p\u016fj\u010d\u00ed. U autop\u016fj\u010dovny Praha m\u00e1te jistotu, \u017ee vozy jsou v dobr\u00e9m stavu, tak\u017ee s nimi m\u016f\u017eete vyrazit klidn\u011b na dlouhou vzd\u00e1lenost. To n\u00e1m tak\u00e9 v\u00fdrazn\u011b uleh\u010d\u00ed fakt, \u017ee opl\u00fdvaj\u00ed d\u00e1lni\u010dn\u00ed zn\u00e1mkou. I p\u0159es to m\u00e1 p\u016fj\u010dovna v\u00fdhodn\u00e9 ceny. Velkou v\u00fdhodou je, \u017ee neplat\u00edme za ujet\u00e9 kilometry, tak\u017ee i kdy\u017e budeme cestovat na dlouh\u00e9 vzd\u00e1lenosti, tak n\u00e1s to bude st\u00e1t majlant. P\u016fj\u010den\u00ed je v\u00fdhodn\u00e9, kdy\u017e je n\u00e1\u0161 v\u016fz t\u0159eba rozbit\u00fd a my pot\u0159ebujeme jezdit ka\u017ed\u00fd den des\u00edtky kilometr\u016f do pr\u00e1ce, p\u0159i\u010dem\u017e nem\u00e1me jin\u00e9 mo\u017enosti dopravy.                                                                                                                                                                                                                                                                                                                                                                                           4.4\/5 - (13 votes)        "},{"@context":"https:\/\/schema.org\/","@type":"BreadcrumbList","itemListElement":[{"@type":"ListItem","position":1,"name":"P\u0159eprava osobn\u00edm vozem","item":"https:\/\/www.zuzaart.cz\/preprava-osobnim-vozem\/#breadcrumbitem"}]}]