{"@context":"https:\/\/schema.org\/","@type":"CollectionPage","@id":"https:\/\/www.zuzaart.cz\/politika\/#CollectionPage","headline":"Politika Category","description":"","url":"https:\/\/www.zuzaart.cz\/politika\/","hasPart":[{"@type":"Article","@id":"https:\/\/www.zuzaart.cz\/ma-smysl-chodit-k-volbam\/","headline":"M\u00e1 smysl chodit k volb\u00e1m?","url":"https:\/\/www.zuzaart.cz\/ma-smysl-chodit-k-volbam\/","datePublished":"2023-11-19","dateModified":"2023-11-19","mainEntityOfPage":"https:\/\/www.zuzaart.cz\/ma-smysl-chodit-k-volbam\/","author":{"@type":"Person","@id":"https:\/\/www.zuzaart.cz\/author\/#Person","name":"","url":"https:\/\/www.zuzaart.cz\/author\/","identifier":1,"image":{"@type":"ImageObject","@id":"https:\/\/secure.gravatar.com\/avatar\/e17b3792c8c74fa5cd7a01b6291eb930?s=96&d=mm&r=g","url":"https:\/\/secure.gravatar.com\/avatar\/e17b3792c8c74fa5cd7a01b6291eb930?s=96&d=mm&r=g","height":96,"width":96}},"publisher":{"@type":"Organization","name":"zuzaart.cz","logo":{"@type":"ImageObject","@id":"\/logo.png","url":"\/logo.png","width":600,"height":60}},"image":{"@type":"ImageObject","@id":"https:\/\/www.zuzaart.cz\/wp-content\/uploads\/politika3_7.jpg","url":"https:\/\/www.zuzaart.cz\/wp-content\/uploads\/politika3_7.jpg","height":0,"width":0},"keywords":null},{"@type":"Article","@id":"https:\/\/www.zuzaart.cz\/kam-kracis-indie\/","headline":"Kam kr\u00e1\u010d\u00ed\u0161 Indie?","url":"https:\/\/www.zuzaart.cz\/kam-kracis-indie\/","datePublished":"2019-12-22","dateModified":"2023-06-05","mainEntityOfPage":"https:\/\/www.zuzaart.cz\/kam-kracis-indie\/","author":{"@type":"Person","@id":"https:\/\/www.zuzaart.cz\/author\/#Person","name":"","url":"https:\/\/www.zuzaart.cz\/author\/","identifier":1,"image":{"@type":"ImageObject","@id":"https:\/\/secure.gravatar.com\/avatar\/e17b3792c8c74fa5cd7a01b6291eb930?s=96&d=mm&r=g","url":"https:\/\/secure.gravatar.com\/avatar\/e17b3792c8c74fa5cd7a01b6291eb930?s=96&d=mm&r=g","height":96,"width":96}},"publisher":{"@type":"Organization","name":"zuzaart.cz","logo":{"@type":"ImageObject","@id":"\/logo.png","url":"\/logo.png","width":600,"height":60}},"image":{"@type":"ImageObject","@id":"https:\/\/www.zuzaart.cz\/wp-content\/uploads\/img_a364357_w4401_t1577104384.jpg","url":"https:\/\/www.zuzaart.cz\/wp-content\/uploads\/img_a364357_w4401_t1577104384.jpg","height":0,"width":0},"keywords":null},{"@type":"Article","@id":"https:\/\/www.zuzaart.cz\/ochrana-zapadni-civilizace-podle-anderse-breivika-masoveho-vraha\/","headline":"Ochrana z\u00e1padn\u00ed civilizace podle Anderse Breivika, masov\u00e9ho vraha","url":"https:\/\/www.zuzaart.cz\/ochrana-zapadni-civilizace-podle-anderse-breivika-masoveho-vraha\/","datePublished":"2019-11-10","dateModified":"2023-06-05","mainEntityOfPage":"https:\/\/www.zuzaart.cz\/ochrana-zapadni-civilizace-podle-anderse-breivika-masoveho-vraha\/","author":{"@type":"Person","@id":"https:\/\/www.zuzaart.cz\/author\/#Person","name":"","url":"https:\/\/www.zuzaart.cz\/author\/","identifier":1,"image":{"@type":"ImageObject","@id":"https:\/\/secure.gravatar.com\/avatar\/e17b3792c8c74fa5cd7a01b6291eb930?s=96&d=mm&r=g","url":"https:\/\/secure.gravatar.com\/avatar\/e17b3792c8c74fa5cd7a01b6291eb930?s=96&d=mm&r=g","height":96,"width":96}},"publisher":{"@type":"Organization","name":"zuzaart.cz","logo":{"@type":"ImageObject","@id":"\/logo.png","url":"\/logo.png","width":600,"height":60}},"image":{"@type":"ImageObject","@id":"https:\/\/www.zuzaart.cz\/wp-content\/uploads\/img_a361663_w3890_t1574865050.jpg","url":"https:\/\/www.zuzaart.cz\/wp-content\/uploads\/img_a361663_w3890_t1574865050.jpg","height":0,"width":0},"keywords":null},{"@type":"Article","@id":"https:\/\/www.zuzaart.cz\/ach-ta-politika\/","headline":"Ach ta politika","url":"https:\/\/www.zuzaart.cz\/ach-ta-politika\/","datePublished":"2019-10-03","dateModified":"2023-06-05","mainEntityOfPage":"https:\/\/www.zuzaart.cz\/ach-ta-politika\/","author":{"@type":"Person","@id":"https:\/\/www.zuzaart.cz\/author\/#Person","name":"","url":"https:\/\/www.zuzaart.cz\/author\/","identifier":1,"image":{"@type":"ImageObject","@id":"https:\/\/secure.gravatar.com\/avatar\/e17b3792c8c74fa5cd7a01b6291eb930?s=96&d=mm&r=g","url":"https:\/\/secure.gravatar.com\/avatar\/e17b3792c8c74fa5cd7a01b6291eb930?s=96&d=mm&r=g","height":96,"width":96}},"publisher":{"@type":"Organization","name":"zuzaart.cz","logo":{"@type":"ImageObject","@id":"\/logo.png","url":"\/logo.png","width":600,"height":60}},"image":{"@type":"ImageObject","@id":"https:\/\/www.zuzaart.cz\/wp-content\/uploads\/img_a356167_w3890_t1570890112.jpg","url":"https:\/\/www.zuzaart.cz\/wp-content\/uploads\/img_a356167_w3890_t1570890112.jpg","height":0,"width":0},"keywords":null}]}