[{"@context":"https:\/\/schema.org\/","@type":"Blog","@id":"https:\/\/www.zuzaart.cz#Blog","headline":"Zuzaart","description":"\nHled\u00e1te n\u011bkoho, v\u00a0kom byste mohli nal\u00e9zt oporu, kdo by v\u00e1m pomohl v\u00a0t\u011b\u017ek\u00fdch \u010dasech? V\u00a0na\u0161\u00ed internetov\u00e9 str\u00e1nce jste n\u011bkoho takov\u00e9ho pr\u00e1v\u011b objevili.","url":"https:\/\/www.zuzaart.cz","hasPart":[{"@type":"Article","@id":"https:\/\/www.zuzaart.cz\/jak-byt-mobilni-a-presto-ekologicky\/","headline":"Jak b\u00fdt mobiln\u00ed a p\u0159esto ekologick\u00fd?","url":"https:\/\/www.zuzaart.cz\/jak-byt-mobilni-a-presto-ekologicky\/","datePublished":"2019-10-23","dateModified":"2023-06-05","mainEntityOfPage":"https:\/\/www.zuzaart.cz\/jak-byt-mobilni-a-presto-ekologicky\/","author":{"@type":"Person","@id":"https:\/\/www.zuzaart.cz\/author\/#Person","name":"","url":"https:\/\/www.zuzaart.cz\/author\/","identifier":1,"image":{"@type":"ImageObject","@id":"https:\/\/secure.gravatar.com\/avatar\/e17b3792c8c74fa5cd7a01b6291eb930?s=96&d=mm&r=g","url":"https:\/\/secure.gravatar.com\/avatar\/e17b3792c8c74fa5cd7a01b6291eb930?s=96&d=mm&r=g","height":96,"width":96}},"publisher":{"@type":"Organization","name":"zuzaart.cz","logo":{"@type":"ImageObject","@id":"\/logo.png","url":"\/logo.png","width":600,"height":60}},"image":{"@type":"ImageObject","@id":"https:\/\/www.zuzaart.cz\/wp-content\/uploads\/img_a357481_w3890_t1572093273.jpg","url":"https:\/\/www.zuzaart.cz\/wp-content\/uploads\/img_a357481_w3890_t1572093273.jpg","height":0,"width":0},"wordCount":4573,"keywords":null},{"@type":"Article","@id":"https:\/\/www.zuzaart.cz\/duvody-rozmachu-obchodnich-center\/","headline":"D\u016fvody rozmachu obchodn\u00edch center","url":"https:\/\/www.zuzaart.cz\/duvody-rozmachu-obchodnich-center\/","datePublished":"2019-10-16","dateModified":"2023-06-05","mainEntityOfPage":"https:\/\/www.zuzaart.cz\/duvody-rozmachu-obchodnich-center\/","author":{"@type":"Person","@id":"https:\/\/www.zuzaart.cz\/author\/#Person","name":"","url":"https:\/\/www.zuzaart.cz\/author\/","identifier":1,"image":{"@type":"ImageObject","@id":"https:\/\/secure.gravatar.com\/avatar\/e17b3792c8c74fa5cd7a01b6291eb930?s=96&d=mm&r=g","url":"https:\/\/secure.gravatar.com\/avatar\/e17b3792c8c74fa5cd7a01b6291eb930?s=96&d=mm&r=g","height":96,"width":96}},"publisher":{"@type":"Organization","name":"zuzaart.cz","logo":{"@type":"ImageObject","@id":"\/logo.png","url":"\/logo.png","width":600,"height":60}},"image":{"@type":"ImageObject","@id":"https:\/\/www.zuzaart.cz\/wp-content\/uploads\/img_a358164_w3890_t1572438954.jpg","url":"https:\/\/www.zuzaart.cz\/wp-content\/uploads\/img_a358164_w3890_t1572438954.jpg","height":0,"width":0},"wordCount":603,"keywords":null},{"@type":"Article","@id":"https:\/\/www.zuzaart.cz\/az-prilis-dbame-na-klise-aneb-predem-si-volime-spatny-vztah\/","headline":"A\u017e p\u0159\u00edli\u0161 db\u00e1me na kli\u0161\u00e9, aneb p\u0159edem si vol\u00edme \u0161patn\u00fd vztah","url":"https:\/\/www.zuzaart.cz\/az-prilis-dbame-na-klise-aneb-predem-si-volime-spatny-vztah\/","datePublished":"2019-10-08","dateModified":"2023-06-05","mainEntityOfPage":"https:\/\/www.zuzaart.cz\/az-prilis-dbame-na-klise-aneb-predem-si-volime-spatny-vztah\/","author":{"@type":"Person","@id":"https:\/\/www.zuzaart.cz\/author\/#Person","name":"","url":"https:\/\/www.zuzaart.cz\/author\/","identifier":1,"image":{"@type":"ImageObject","@id":"https:\/\/secure.gravatar.com\/avatar\/e17b3792c8c74fa5cd7a01b6291eb930?s=96&d=mm&r=g","url":"https:\/\/secure.gravatar.com\/avatar\/e17b3792c8c74fa5cd7a01b6291eb930?s=96&d=mm&r=g","height":96,"width":96}},"publisher":{"@type":"Organization","name":"zuzaart.cz","logo":{"@type":"ImageObject","@id":"\/logo.png","url":"\/logo.png","width":600,"height":60}},"image":{"@type":"ImageObject","@id":"https:\/\/www.zuzaart.cz\/wp-content\/uploads\/img_a358018_w3890_t1572357200.jpg","url":"https:\/\/www.zuzaart.cz\/wp-content\/uploads\/img_a358018_w3890_t1572357200.jpg","height":0,"width":0},"wordCount":633,"keywords":null},{"@type":"Article","@id":"https:\/\/www.zuzaart.cz\/proc-jsme-si-neverni\/","headline":"Pro\u010d jsme si nev\u011brn\u00ed?","url":"https:\/\/www.zuzaart.cz\/proc-jsme-si-neverni\/","datePublished":"2019-10-07","dateModified":"2023-06-05","mainEntityOfPage":"https:\/\/www.zuzaart.cz\/proc-jsme-si-neverni\/","author":{"@type":"Person","@id":"https:\/\/www.zuzaart.cz\/author\/#Person","name":"","url":"https:\/\/www.zuzaart.cz\/author\/","identifier":1,"image":{"@type":"ImageObject","@id":"https:\/\/secure.gravatar.com\/avatar\/e17b3792c8c74fa5cd7a01b6291eb930?s=96&d=mm&r=g","url":"https:\/\/secure.gravatar.com\/avatar\/e17b3792c8c74fa5cd7a01b6291eb930?s=96&d=mm&r=g","height":96,"width":96}},"publisher":{"@type":"Organization","name":"zuzaart.cz","logo":{"@type":"ImageObject","@id":"\/logo.png","url":"\/logo.png","width":600,"height":60}},"image":{"@type":"ImageObject","@id":"https:\/\/www.zuzaart.cz\/wp-content\/uploads\/img_a357802_w3890_t1572176241.jpg","url":"https:\/\/www.zuzaart.cz\/wp-content\/uploads\/img_a357802_w3890_t1572176241.jpg","height":0,"width":0},"wordCount":540,"keywords":null},{"@type":"Article","@id":"https:\/\/www.zuzaart.cz\/ach-ta-politika\/","headline":"Ach ta politika","url":"https:\/\/www.zuzaart.cz\/ach-ta-politika\/","datePublished":"2019-10-03","dateModified":"2023-06-05","mainEntityOfPage":"https:\/\/www.zuzaart.cz\/ach-ta-politika\/","author":{"@type":"Person","@id":"https:\/\/www.zuzaart.cz\/author\/#Person","name":"","url":"https:\/\/www.zuzaart.cz\/author\/","identifier":1,"image":{"@type":"ImageObject","@id":"https:\/\/secure.gravatar.com\/avatar\/e17b3792c8c74fa5cd7a01b6291eb930?s=96&d=mm&r=g","url":"https:\/\/secure.gravatar.com\/avatar\/e17b3792c8c74fa5cd7a01b6291eb930?s=96&d=mm&r=g","height":96,"width":96}},"publisher":{"@type":"Organization","name":"zuzaart.cz","logo":{"@type":"ImageObject","@id":"\/logo.png","url":"\/logo.png","width":600,"height":60}},"image":{"@type":"ImageObject","@id":"https:\/\/www.zuzaart.cz\/wp-content\/uploads\/img_a356167_w3890_t1570890112.jpg","url":"https:\/\/www.zuzaart.cz\/wp-content\/uploads\/img_a356167_w3890_t1570890112.jpg","height":0,"width":0},"wordCount":594,"keywords":null},{"@type":"Article","@id":"https:\/\/www.zuzaart.cz\/nakupovani-je-veda\/","headline":"Nakupov\u00e1n\u00ed je v\u011bda","url":"https:\/\/www.zuzaart.cz\/nakupovani-je-veda\/","datePublished":"2019-10-01","dateModified":"2023-06-05","mainEntityOfPage":"https:\/\/www.zuzaart.cz\/nakupovani-je-veda\/","author":{"@type":"Person","@id":"https:\/\/www.zuzaart.cz\/author\/#Person","name":"","url":"https:\/\/www.zuzaart.cz\/author\/","identifier":1,"image":{"@type":"ImageObject","@id":"https:\/\/secure.gravatar.com\/avatar\/e17b3792c8c74fa5cd7a01b6291eb930?s=96&d=mm&r=g","url":"https:\/\/secure.gravatar.com\/avatar\/e17b3792c8c74fa5cd7a01b6291eb930?s=96&d=mm&r=g","height":96,"width":96}},"publisher":{"@type":"Organization","name":"zuzaart.cz","logo":{"@type":"ImageObject","@id":"\/logo.png","url":"\/logo.png","width":600,"height":60}},"image":{"@type":"ImageObject","@id":"https:\/\/www.zuzaart.cz\/wp-content\/uploads\/img_a356161_w3890_t1570889515.jpg","url":"https:\/\/www.zuzaart.cz\/wp-content\/uploads\/img_a356161_w3890_t1570889515.jpg","height":0,"width":0},"wordCount":482,"keywords":null},{"@type":"Article","@id":"https:\/\/www.zuzaart.cz\/malo-penez-malo-zazitku\/","headline":"M\u00e1lo pen\u011bz, m\u00e1lo z\u00e1\u017eitk\u016f","url":"https:\/\/www.zuzaart.cz\/malo-penez-malo-zazitku\/","datePublished":"2019-10-01","dateModified":"2023-06-05","mainEntityOfPage":"https:\/\/www.zuzaart.cz\/malo-penez-malo-zazitku\/","author":{"@type":"Person","@id":"https:\/\/www.zuzaart.cz\/author\/#Person","name":"","url":"https:\/\/www.zuzaart.cz\/author\/","identifier":1,"image":{"@type":"ImageObject","@id":"https:\/\/secure.gravatar.com\/avatar\/e17b3792c8c74fa5cd7a01b6291eb930?s=96&d=mm&r=g","url":"https:\/\/secure.gravatar.com\/avatar\/e17b3792c8c74fa5cd7a01b6291eb930?s=96&d=mm&r=g","height":96,"width":96}},"publisher":{"@type":"Organization","name":"zuzaart.cz","logo":{"@type":"ImageObject","@id":"\/logo.png","url":"\/logo.png","width":600,"height":60}},"image":{"@type":"ImageObject","@id":"https:\/\/www.zuzaart.cz\/wp-content\/uploads\/img_a357577_w3890_t1572110046.jpg","url":"https:\/\/www.zuzaart.cz\/wp-content\/uploads\/img_a357577_w3890_t1572110046.jpg","height":0,"width":0},"wordCount":4603,"keywords":null},{"@type":"Article","@id":"https:\/\/www.zuzaart.cz\/kdyz-autozarovku-tak-tu-nejlepsi\/","headline":"Kdy\u017e auto\u017e\u00e1rovku, tak tu nejlep\u0161\u00ed!","url":"https:\/\/www.zuzaart.cz\/kdyz-autozarovku-tak-tu-nejlepsi\/","datePublished":"2019-07-26","dateModified":"2023-06-05","mainEntityOfPage":"https:\/\/www.zuzaart.cz\/kdyz-autozarovku-tak-tu-nejlepsi\/","author":{"@type":"Person","@id":"https:\/\/www.zuzaart.cz\/author\/#Person","name":"","url":"https:\/\/www.zuzaart.cz\/author\/","identifier":1,"image":{"@type":"ImageObject","@id":"https:\/\/secure.gravatar.com\/avatar\/e17b3792c8c74fa5cd7a01b6291eb930?s=96&d=mm&r=g","url":"https:\/\/secure.gravatar.com\/avatar\/e17b3792c8c74fa5cd7a01b6291eb930?s=96&d=mm&r=g","height":96,"width":96}},"publisher":{"@type":"Organization","name":"zuzaart.cz","logo":{"@type":"ImageObject","@id":"\/logo.png","url":"\/logo.png","width":600,"height":60}},"image":{"@type":"ImageObject","@id":"https:\/\/www.zuzaart.cz\/wp-content\/uploads\/img_a359620_w3890_t1573565983.jpg","url":"https:\/\/www.zuzaart.cz\/wp-content\/uploads\/img_a359620_w3890_t1573565983.jpg","height":0,"width":0},"wordCount":513,"keywords":null},{"@type":"Article","@id":"https:\/\/www.zuzaart.cz\/petre-vytri-prosim-a-udelej-neco-k-veceri\/","headline":"Pet\u0159e, vyt\u0159i, pros\u00edm, a ud\u011blej n\u011bco k ve\u010de\u0159i.","url":"https:\/\/www.zuzaart.cz\/petre-vytri-prosim-a-udelej-neco-k-veceri\/","datePublished":"2019-07-24","dateModified":"2023-06-05","mainEntityOfPage":"https:\/\/www.zuzaart.cz\/petre-vytri-prosim-a-udelej-neco-k-veceri\/","author":{"@type":"Person","@id":"https:\/\/www.zuzaart.cz\/author\/#Person","name":"","url":"https:\/\/www.zuzaart.cz\/author\/","identifier":1,"image":{"@type":"ImageObject","@id":"https:\/\/secure.gravatar.com\/avatar\/e17b3792c8c74fa5cd7a01b6291eb930?s=96&d=mm&r=g","url":"https:\/\/secure.gravatar.com\/avatar\/e17b3792c8c74fa5cd7a01b6291eb930?s=96&d=mm&r=g","height":96,"width":96}},"publisher":{"@type":"Organization","name":"zuzaart.cz","logo":{"@type":"ImageObject","@id":"\/logo.png","url":"\/logo.png","width":600,"height":60}},"image":{"@type":"ImageObject","@id":"https:\/\/www.zuzaart.cz\/wp-content\/uploads\/img_a349769_w1883_t1564839279.jpg","url":"https:\/\/www.zuzaart.cz\/wp-content\/uploads\/img_a349769_w1883_t1564839279.jpg","height":0,"width":0},"wordCount":4723,"keywords":null},{"@type":"Article","@id":"https:\/\/www.zuzaart.cz\/vic-nez-jen-nepritomnost-nemoci\/","headline":"V\u00edc ne\u017e jen nep\u0159\u00edtomnost nemoci","url":"https:\/\/www.zuzaart.cz\/vic-nez-jen-nepritomnost-nemoci\/","datePublished":"2019-05-11","dateModified":"2023-06-05","mainEntityOfPage":"https:\/\/www.zuzaart.cz\/vic-nez-jen-nepritomnost-nemoci\/","author":{"@type":"Person","@id":"https:\/\/www.zuzaart.cz\/author\/#Person","name":"","url":"https:\/\/www.zuzaart.cz\/author\/","identifier":1,"image":{"@type":"ImageObject","@id":"https:\/\/secure.gravatar.com\/avatar\/e17b3792c8c74fa5cd7a01b6291eb930?s=96&d=mm&r=g","url":"https:\/\/secure.gravatar.com\/avatar\/e17b3792c8c74fa5cd7a01b6291eb930?s=96&d=mm&r=g","height":96,"width":96}},"publisher":{"@type":"Organization","name":"zuzaart.cz","logo":{"@type":"ImageObject","@id":"\/logo.png","url":"\/logo.png","width":600,"height":60}},"image":{"@type":"ImageObject","@id":"https:\/\/www.zuzaart.cz\/wp-content\/uploads\/img_a344912_w2391_t1558724008.jpg","url":"https:\/\/www.zuzaart.cz\/wp-content\/uploads\/img_a344912_w2391_t1558724008.jpg","height":0,"width":0},"wordCount":4448,"keywords":null}]},{"@context":"https:\/\/schema.org","@type":"WebSite","@id":"https:\/\/www.zuzaart.cz\/#website","name":"Zuzaart","url":"https:\/\/www.zuzaart.cz","potentialAction":{"@type":"SearchAction","target":"https:\/\/www.zuzaart.cz\/?s={search_term_string}","query-input":"required name=search_term_string"}}]