{"@context":"https:\/\/schema.org\/","@type":"CollectionPage","@id":"https:\/\/www.zuzaart.cz\/nakupovani\/#CollectionPage","headline":"Nakupov\u00e1n\u00ed Category","description":"","url":"https:\/\/www.zuzaart.cz\/nakupovani\/","hasPart":[{"@type":"Article","@id":"https:\/\/www.zuzaart.cz\/kdo-si-voli-hello-kitty-obaly\/","headline":"Kdo si vol\u00ed Hello Kitty obaly","url":"https:\/\/www.zuzaart.cz\/kdo-si-voli-hello-kitty-obaly\/","datePublished":"2025-12-19","dateModified":"2025-12-19","mainEntityOfPage":"https:\/\/www.zuzaart.cz\/kdo-si-voli-hello-kitty-obaly\/","author":{"@type":"Person","@id":"https:\/\/www.zuzaart.cz\/author\/#Person","name":"","url":"https:\/\/www.zuzaart.cz\/author\/","identifier":1,"image":{"@type":"ImageObject","@id":"https:\/\/secure.gravatar.com\/avatar\/e17b3792c8c74fa5cd7a01b6291eb930?s=96&d=mm&r=g","url":"https:\/\/secure.gravatar.com\/avatar\/e17b3792c8c74fa5cd7a01b6291eb930?s=96&d=mm&r=g","height":96,"width":96}},"publisher":{"@type":"Organization","name":"zuzaart.cz","logo":{"@type":"ImageObject","@id":"\/logo.png","url":"\/logo.png","width":600,"height":60}},"image":{"@type":"ImageObject","@id":"https:\/\/www.zuzaart.cz\/wp-content\/uploads\/mobil5_10_10_5.jpg","url":"https:\/\/www.zuzaart.cz\/wp-content\/uploads\/mobil5_10_10_5.jpg","height":0,"width":0},"keywords":null},{"@type":"Article","@id":"https:\/\/www.zuzaart.cz\/proc-bych-dal-prednost-plotu-z-drateneho-pletiva\/","headline":"Pro\u010d bych dal p\u0159ednost plotu z dr\u00e1t\u011bn\u00e9ho pletiva","url":"https:\/\/www.zuzaart.cz\/proc-bych-dal-prednost-plotu-z-drateneho-pletiva\/","datePublished":"2025-12-01","dateModified":"2025-12-01","mainEntityOfPage":"https:\/\/www.zuzaart.cz\/proc-bych-dal-prednost-plotu-z-drateneho-pletiva\/","author":{"@type":"Person","@id":"https:\/\/www.zuzaart.cz\/author\/#Person","name":"","url":"https:\/\/www.zuzaart.cz\/author\/","identifier":1,"image":{"@type":"ImageObject","@id":"https:\/\/secure.gravatar.com\/avatar\/e17b3792c8c74fa5cd7a01b6291eb930?s=96&d=mm&r=g","url":"https:\/\/secure.gravatar.com\/avatar\/e17b3792c8c74fa5cd7a01b6291eb930?s=96&d=mm&r=g","height":96,"width":96}},"publisher":{"@type":"Organization","name":"zuzaart.cz","logo":{"@type":"ImageObject","@id":"\/logo.png","url":"\/logo.png","width":600,"height":60}},"image":{"@type":"ImageObject","@id":"https:\/\/www.zuzaart.cz\/wp-content\/uploads\/hoarfrost-2943256_640_2.jpg","url":"https:\/\/www.zuzaart.cz\/wp-content\/uploads\/hoarfrost-2943256_640_2.jpg","height":0,"width":0},"keywords":null},{"@type":"Article","@id":"https:\/\/www.zuzaart.cz\/kvalita-ktera-vydrzi\/","headline":"Kvalita, kter\u00e1 vydr\u017e\u00ed","url":"https:\/\/www.zuzaart.cz\/kvalita-ktera-vydrzi\/","datePublished":"2025-11-05","dateModified":"2025-11-05","mainEntityOfPage":"https:\/\/www.zuzaart.cz\/kvalita-ktera-vydrzi\/","author":{"@type":"Person","@id":"https:\/\/www.zuzaart.cz\/author\/#Person","name":"","url":"https:\/\/www.zuzaart.cz\/author\/","identifier":1,"image":{"@type":"ImageObject","@id":"https:\/\/secure.gravatar.com\/avatar\/e17b3792c8c74fa5cd7a01b6291eb930?s=96&d=mm&r=g","url":"https:\/\/secure.gravatar.com\/avatar\/e17b3792c8c74fa5cd7a01b6291eb930?s=96&d=mm&r=g","height":96,"width":96}},"publisher":{"@type":"Organization","name":"zuzaart.cz","logo":{"@type":"ImageObject","@id":"\/logo.png","url":"\/logo.png","width":600,"height":60}},"image":{"@type":"ImageObject","@id":"https:\/\/www.zuzaart.cz\/wp-content\/uploads\/pexels-thngocbich-850885_2.jpg","url":"https:\/\/www.zuzaart.cz\/wp-content\/uploads\/pexels-thngocbich-850885_2.jpg","height":0,"width":0},"keywords":null},{"@type":"Article","@id":"https:\/\/www.zuzaart.cz\/nova-matrace-do-postele-pro-jednotlivce\/","headline":"Nov\u00e1 matrace do postele pro jednotlivce","url":"https:\/\/www.zuzaart.cz\/nova-matrace-do-postele-pro-jednotlivce\/","datePublished":"2025-10-09","dateModified":"2025-10-09","mainEntityOfPage":"https:\/\/www.zuzaart.cz\/nova-matrace-do-postele-pro-jednotlivce\/","author":{"@type":"Person","@id":"https:\/\/www.zuzaart.cz\/author\/#Person","name":"","url":"https:\/\/www.zuzaart.cz\/author\/","identifier":1,"image":{"@type":"ImageObject","@id":"https:\/\/secure.gravatar.com\/avatar\/e17b3792c8c74fa5cd7a01b6291eb930?s=96&d=mm&r=g","url":"https:\/\/secure.gravatar.com\/avatar\/e17b3792c8c74fa5cd7a01b6291eb930?s=96&d=mm&r=g","height":96,"width":96}},"publisher":{"@type":"Organization","name":"zuzaart.cz","logo":{"@type":"ImageObject","@id":"\/logo.png","url":"\/logo.png","width":600,"height":60}},"image":{"@type":"ImageObject","@id":"https:\/\/www.zuzaart.cz\/wp-content\/uploads\/interior-4132297_640_2.jpg","url":"https:\/\/www.zuzaart.cz\/wp-content\/uploads\/interior-4132297_640_2.jpg","height":0,"width":0},"keywords":null},{"@type":"Article","@id":"https:\/\/www.zuzaart.cz\/baleni-veci-k-odjezdu-na-dovolenou-s-vestavenou-skrini\/","headline":"Balen\u00ed v\u011bc\u00ed k odjezdu na dovolenou s vestav\u011bnou sk\u0159\u00edn\u00ed","url":"https:\/\/www.zuzaart.cz\/baleni-veci-k-odjezdu-na-dovolenou-s-vestavenou-skrini\/","datePublished":"2025-09-01","dateModified":"2025-09-01","mainEntityOfPage":"https:\/\/www.zuzaart.cz\/baleni-veci-k-odjezdu-na-dovolenou-s-vestavenou-skrini\/","author":{"@type":"Person","@id":"https:\/\/www.zuzaart.cz\/author\/#Person","name":"","url":"https:\/\/www.zuzaart.cz\/author\/","identifier":1,"image":{"@type":"ImageObject","@id":"https:\/\/secure.gravatar.com\/avatar\/e17b3792c8c74fa5cd7a01b6291eb930?s=96&d=mm&r=g","url":"https:\/\/secure.gravatar.com\/avatar\/e17b3792c8c74fa5cd7a01b6291eb930?s=96&d=mm&r=g","height":96,"width":96}},"publisher":{"@type":"Organization","name":"zuzaart.cz","logo":{"@type":"ImageObject","@id":"\/logo.png","url":"\/logo.png","width":600,"height":60}},"image":{"@type":"ImageObject","@id":"https:\/\/www.zuzaart.cz\/wp-content\/uploads\/living-room-8620721_640.jpg","url":"https:\/\/www.zuzaart.cz\/wp-content\/uploads\/living-room-8620721_640.jpg","height":0,"width":0},"keywords":null},{"@type":"Article","@id":"https:\/\/www.zuzaart.cz\/jake-spotrebice-bychom-si-meli-poridit-do-kuchyne\/","headline":"Jak\u00e9 spot\u0159ebi\u010de bychom si m\u011bli po\u0159\u00eddit do kuchyn\u011b","url":"https:\/\/www.zuzaart.cz\/jake-spotrebice-bychom-si-meli-poridit-do-kuchyne\/","datePublished":"2025-08-14","dateModified":"2025-08-14","mainEntityOfPage":"https:\/\/www.zuzaart.cz\/jake-spotrebice-bychom-si-meli-poridit-do-kuchyne\/","author":{"@type":"Person","@id":"https:\/\/www.zuzaart.cz\/author\/#Person","name":"","url":"https:\/\/www.zuzaart.cz\/author\/","identifier":1,"image":{"@type":"ImageObject","@id":"https:\/\/secure.gravatar.com\/avatar\/e17b3792c8c74fa5cd7a01b6291eb930?s=96&d=mm&r=g","url":"https:\/\/secure.gravatar.com\/avatar\/e17b3792c8c74fa5cd7a01b6291eb930?s=96&d=mm&r=g","height":96,"width":96}},"publisher":{"@type":"Organization","name":"zuzaart.cz","logo":{"@type":"ImageObject","@id":"\/logo.png","url":"\/logo.png","width":600,"height":60}},"image":{"@type":"ImageObject","@id":"https:\/\/www.zuzaart.cz\/wp-content\/uploads\/kuchyne1_1.jpg","url":"https:\/\/www.zuzaart.cz\/wp-content\/uploads\/kuchyne1_1.jpg","height":0,"width":0},"keywords":null},{"@type":"Article","@id":"https:\/\/www.zuzaart.cz\/jak-se-zbavit-zimniho-stresu\/","headline":"Jak se zbavit zimn\u00edho stresu","url":"https:\/\/www.zuzaart.cz\/jak-se-zbavit-zimniho-stresu\/","datePublished":"2025-07-10","dateModified":"2026-01-08","mainEntityOfPage":"https:\/\/www.zuzaart.cz\/jak-se-zbavit-zimniho-stresu\/","author":{"@type":"Person","@id":"https:\/\/www.zuzaart.cz\/author\/#Person","name":"","url":"https:\/\/www.zuzaart.cz\/author\/","identifier":1,"image":{"@type":"ImageObject","@id":"https:\/\/secure.gravatar.com\/avatar\/e17b3792c8c74fa5cd7a01b6291eb930?s=96&d=mm&r=g","url":"https:\/\/secure.gravatar.com\/avatar\/e17b3792c8c74fa5cd7a01b6291eb930?s=96&d=mm&r=g","height":96,"width":96}},"publisher":{"@type":"Organization","name":"zuzaart.cz","logo":{"@type":"ImageObject","@id":"\/logo.png","url":"\/logo.png","width":600,"height":60}},"image":{"@type":"ImageObject","@id":"https:\/\/www.zuzaart.cz\/wp-content\/uploads\/teacup-7526022_640_6.jpg","url":"https:\/\/www.zuzaart.cz\/wp-content\/uploads\/teacup-7526022_640_6.jpg","height":0,"width":0},"keywords":null},{"@type":"Article","@id":"https:\/\/www.zuzaart.cz\/leto-jak-ma-byt\/","headline":"L\u00e9to jak m\u00e1 b\u00fdt","url":"https:\/\/www.zuzaart.cz\/leto-jak-ma-byt\/","datePublished":"2025-07-09","dateModified":"2025-07-09","mainEntityOfPage":"https:\/\/www.zuzaart.cz\/leto-jak-ma-byt\/","author":{"@type":"Person","@id":"https:\/\/www.zuzaart.cz\/author\/#Person","name":"","url":"https:\/\/www.zuzaart.cz\/author\/","identifier":1,"image":{"@type":"ImageObject","@id":"https:\/\/secure.gravatar.com\/avatar\/e17b3792c8c74fa5cd7a01b6291eb930?s=96&d=mm&r=g","url":"https:\/\/secure.gravatar.com\/avatar\/e17b3792c8c74fa5cd7a01b6291eb930?s=96&d=mm&r=g","height":96,"width":96}},"publisher":{"@type":"Organization","name":"zuzaart.cz","logo":{"@type":"ImageObject","@id":"\/logo.png","url":"\/logo.png","width":600,"height":60}},"image":{"@type":"ImageObject","@id":"https:\/\/www.zuzaart.cz\/wp-content\/uploads\/pool-steps-318330_640_10_10_2.jpg","url":"https:\/\/www.zuzaart.cz\/wp-content\/uploads\/pool-steps-318330_640_10_10_2.jpg","height":0,"width":0},"keywords":null},{"@type":"Article","@id":"https:\/\/www.zuzaart.cz\/sada-hrnku-pro-poteseni-vasi-tridni-profesorce\/","headline":"Sada hrnk\u016f pro pot\u011b\u0161en\u00ed va\u0161\u00ed t\u0159\u00eddn\u00ed profesorce","url":"https:\/\/www.zuzaart.cz\/sada-hrnku-pro-poteseni-vasi-tridni-profesorce\/","datePublished":"2025-06-09","dateModified":"2025-06-09","mainEntityOfPage":"https:\/\/www.zuzaart.cz\/sada-hrnku-pro-poteseni-vasi-tridni-profesorce\/","author":{"@type":"Person","@id":"https:\/\/www.zuzaart.cz\/author\/#Person","name":"","url":"https:\/\/www.zuzaart.cz\/author\/","identifier":1,"image":{"@type":"ImageObject","@id":"https:\/\/secure.gravatar.com\/avatar\/e17b3792c8c74fa5cd7a01b6291eb930?s=96&d=mm&r=g","url":"https:\/\/secure.gravatar.com\/avatar\/e17b3792c8c74fa5cd7a01b6291eb930?s=96&d=mm&r=g","height":96,"width":96}},"publisher":{"@type":"Organization","name":"zuzaart.cz","logo":{"@type":"ImageObject","@id":"\/logo.png","url":"\/logo.png","width":600,"height":60}},"image":{"@type":"ImageObject","@id":"https:\/\/www.zuzaart.cz\/wp-content\/uploads\/girl-4256571_640.jpg","url":"https:\/\/www.zuzaart.cz\/wp-content\/uploads\/girl-4256571_640.jpg","height":0,"width":0},"keywords":null},{"@type":"Article","@id":"https:\/\/www.zuzaart.cz\/jak-zorganizovat-rodinu\/","headline":"Jak zorganizovat rodinu?","url":"https:\/\/www.zuzaart.cz\/jak-zorganizovat-rodinu\/","datePublished":"2025-06-09","dateModified":"2025-06-09","mainEntityOfPage":"https:\/\/www.zuzaart.cz\/jak-zorganizovat-rodinu\/","author":{"@type":"Person","@id":"https:\/\/www.zuzaart.cz\/author\/#Person","name":"","url":"https:\/\/www.zuzaart.cz\/author\/","identifier":1,"image":{"@type":"ImageObject","@id":"https:\/\/secure.gravatar.com\/avatar\/e17b3792c8c74fa5cd7a01b6291eb930?s=96&d=mm&r=g","url":"https:\/\/secure.gravatar.com\/avatar\/e17b3792c8c74fa5cd7a01b6291eb930?s=96&d=mm&r=g","height":96,"width":96}},"publisher":{"@type":"Organization","name":"zuzaart.cz","logo":{"@type":"ImageObject","@id":"\/logo.png","url":"\/logo.png","width":600,"height":60}},"image":{"@type":"ImageObject","@id":"https:\/\/www.zuzaart.cz\/wp-content\/uploads\/13_GxaEF8.png","url":"https:\/\/www.zuzaart.cz\/wp-content\/uploads\/13_GxaEF8.png","height":0,"width":0},"keywords":null}]}