[{"@context":"https:\/\/schema.org\/","@type":"Article","@id":"https:\/\/www.zuzaart.cz\/i-miminka-mohou-byt-stylova-jake-obleceni-pro-miminko-je-idealni\/#Article","mainEntityOfPage":"https:\/\/www.zuzaart.cz\/i-miminka-mohou-byt-stylova-jake-obleceni-pro-miminko-je-idealni\/","headline":"I miminka mohou b\u00fdt stylov\u00e1. Jak\u00e9 oble\u010den\u00ed pro miminko je ide\u00e1ln\u00ed?","name":"I miminka mohou b\u00fdt stylov\u00e1. Jak\u00e9 oble\u010den\u00ed pro miminko je ide\u00e1ln\u00ed?","description":"Ka\u017ed\u00fd rodi\u010d zaru\u010den\u011b v\u00ed, \u017ee miminka jsou jin\u00e1. Ka\u017ed\u00e9 m\u00e1 sv\u00e9 vlastn\u00ed pot\u0159eby a chov\u00e1 se jinak. Proto v\u00e1m samoz\u0159ejm\u011b m\u016f\u017ee n\u011bjakou tu dobu trvat, ne\u017e p\u0159ijdete na to, co vyhovuje zrovna va\u0161emu miminku. Jinak tomu nen\u00ed ani v p\u0159\u00edpad\u011b oble\u010den\u00ed. Oble\u010den\u00ed pro miminka tvo\u0159\u00ed svou vlastn\u00ed kategorii. Naleznete v n\u00ed mnoho kr\u00e1sn\u00fdch oble\u010dk\u016f pro &hellip;<p class=\"read-more\"> <a class=\"zta-button\" href=\"https:\/\/www.zuzaart.cz\/i-miminka-mohou-byt-stylova-jake-obleceni-pro-miminko-je-idealni\/\"> <span class=\"screen-reader-text\">I miminka mohou b\u00fdt stylov\u00e1. Jak\u00e9 oble\u010den\u00ed pro miminko je ide\u00e1ln\u00ed?<\/span>P\u0159e\u010d\u00edst<\/a><\/p>","datePublished":"2022-04-29","dateModified":"2023-06-05","author":{"@type":"Person","@id":"https:\/\/www.zuzaart.cz\/author\/#Person","name":"","url":"https:\/\/www.zuzaart.cz\/author\/","identifier":1,"image":{"@type":"ImageObject","@id":"https:\/\/secure.gravatar.com\/avatar\/e17b3792c8c74fa5cd7a01b6291eb930?s=96&d=mm&r=g","url":"https:\/\/secure.gravatar.com\/avatar\/e17b3792c8c74fa5cd7a01b6291eb930?s=96&d=mm&r=g","height":96,"width":96}},"publisher":{"@type":"Organization","name":"zuzaart.cz","logo":{"@type":"ImageObject","@id":"\/logo.png","url":"\/logo.png","width":600,"height":60}},"image":{"@type":"ImageObject","@id":"https:\/\/www.zuzaart.cz\/wp-content\/uploads\/booties-gf5b6f27a6_640.jpg","url":"https:\/\/www.zuzaart.cz\/wp-content\/uploads\/booties-gf5b6f27a6_640.jpg","height":0,"width":0},"url":"https:\/\/www.zuzaart.cz\/i-miminka-mohou-byt-stylova-jake-obleceni-pro-miminko-je-idealni\/","about":["Nakupov\u00e1n\u00ed"],"wordCount":435,"articleBody":"   Ka\u017ed\u00fd rodi\u010d zaru\u010den\u011b v\u00ed, \u017ee miminka jsou jin\u00e1. Ka\u017ed\u00e9 m\u00e1 sv\u00e9 vlastn\u00ed pot\u0159eby a chov\u00e1 se jinak. Proto v\u00e1m samoz\u0159ejm\u011b m\u016f\u017ee n\u011bjakou tu dobu trvat, ne\u017e p\u0159ijdete na to, co vyhovuje zrovna va\u0161emu miminku. Jinak tomu nen\u00ed ani v p\u0159\u00edpad\u011b oble\u010den\u00ed. Oble\u010den\u00ed pro miminka tvo\u0159\u00ed svou vlastn\u00ed kategorii. Naleznete v n\u00ed mnoho kr\u00e1sn\u00fdch oble\u010dk\u016f pro hol\u010di\u010dky i chlape\u010dky. Vyrobeny jsou v r\u016fzn\u00fdch st\u0159iz\u00edch, velikostech i materi\u00e1lov\u00e9m proveden\u00ed. Oble\u010den\u00ed pro miminka je koncipov\u00e1no tak, aby bylo pro miminko co nejv\u00edce pohodln\u00e9 a pro rodi\u010de praktick\u00e9.Je libo overaly, body nebo tepl\u00e1\u010dky? \u017d\u00e1dn\u00fd probl\u00e9m\u2026A\u0165 u\u017e hled\u00e1te oble\u010den\u00ed pro miminko https:\/\/www.kojeneckeobleceni.cz\/Kojenecke-soupravy-PORODNICE-c2_0_1.htm r\u016fzn\u00e9ho v\u011bku nebo pro hol\u010di\u010dku \u010di chlape\u010dka, rozhodn\u011b budete m\u00edt z \u010deho vyb\u00edrat. P\u0159edev\u0161\u00edm u novorozenc\u016f nejv\u00edce ocen\u00edte klasick\u00e9 overaly a body. Tyto oble\u010dky se v\u00e1m budou nejsn\u00e1ze obl\u00e9kat a miminko se z nich nevyvl\u00e9kne p\u0159\u00edli\u0161 snadno. Samoz\u0159ejm\u011b v nab\u00eddce nechyb\u00ed ani klasick\u00e9 tepl\u00e1\u010dky, leg\u00ednky \u010di tri\u010dka a mikinky. Zajist\u00e9 v\u00e1s zaujmou ji\u017e p\u0159ipraven\u00e9 sady oble\u010den\u00ed pro miminko do porodnice. Ka\u017ed\u00e9 miminko je jin\u00e9, a proto bude ka\u017ed\u00e9mu vyhovovat n\u011bco jin\u00e9ho. Zat\u00edmco n\u011bkter\u00e1 miminka jsou spokojen\u011bj\u0161\u00ed ve voln\u00e9m oble\u010den\u00ed, jin\u00fdm m\u016f\u017ee b\u00fdt pohodln\u00e9 oble\u010den\u00ed tzv. v\u00edce na t\u011blo. V\u017edy v\u0161ak plat\u00ed, \u017ee by oble\u010den\u00ed nem\u011blo miminko nikde tla\u010dit a u\u017e v\u016fbec ne \u0161krtit. Otlaky od gum \u010di zip\u016f nejsou pro citlivou d\u011btskou poko\u017eku zrovna ide\u00e1ln\u00ed z\u00e1le\u017eitost\u00ed. Vyb\u00edrejte oble\u010den\u00ed pro miminko z kvalitn\u00edch materi\u00e1l\u016fAby bylo miminko spokojen\u00e9, je pot\u0159eba v\u011bnovat v\u00fdb\u011bru vhodn\u00e9ho oble\u010den\u00ed skute\u010dn\u011b dostatek \u010dasu. Pozor byste si m\u011bli d\u00e1t p\u0159edev\u0161\u00edm na kvalitu materi\u00e1lu. Pro miminka je nejide\u00e1ln\u011bj\u0161\u00ed samoz\u0159ejm\u011b oble\u010den\u00ed z bavlny. V letn\u00edch m\u011bs\u00edc\u00edch d\u00e1le ocen\u00edte lehk\u00e9 a prody\u0161n\u00e9 oble\u010den\u00ed. V zim\u011b naopak n\u011bjak\u00e9 h\u0159ejiv\u00e9, nap\u0159\u00edklad z kojeneck\u00e9ho ply\u0161e. Sami uvid\u00edte, co bude va\u0161emu miminku nejv\u00edce vyhovovat. Sna\u017ete se v\u0161ak vyvarovat um\u011bl\u00fdm materi\u00e1l\u016fm, v nich\u017e by se miminko mohlo zbyte\u010dn\u011b potit, co\u017e by dr\u00e1\u017edilo jeho poko\u017eku.                                                                                                                                                                                                                                                                                                                                                                                          4.7\/5 - (6 votes)        "},{"@context":"https:\/\/schema.org\/","@type":"BreadcrumbList","itemListElement":[{"@type":"ListItem","position":1,"name":"I miminka mohou b\u00fdt stylov\u00e1. Jak\u00e9 oble\u010den\u00ed pro miminko je ide\u00e1ln\u00ed?","item":"https:\/\/www.zuzaart.cz\/i-miminka-mohou-byt-stylova-jake-obleceni-pro-miminko-je-idealni\/#breadcrumbitem"}]}]